{"id":8344,"date":"2025-08-27T17:39:49","date_gmt":"2025-08-27T16:39:49","guid":{"rendered":"http:\/\/osramic.edu.ba\/?p=8344"},"modified":"2025-08-27T17:39:49","modified_gmt":"2025-08-27T16:39:49","slug":"obavjestenje-o-pocetku-sk-2025-2026-godine","status":"publish","type":"post","link":"http:\/\/osramic.edu.ba\/?p=8344","title":{"rendered":"Obavje\u0161tenje o po\u010detku \u0161k.2025\/2026. godine"},"content":{"rendered":"<p>U skladu sa \u0160kolskim kalendarom za 2025\/2026. godinu, u ponedjeljak 01.09.2025. po\u010dinje nova \u0161kolska godina.<\/p>\n<div class=\"x14z9mp xat24cr x1lziwak x1vvkbs xtlvy1s x126k92a\">\n<div dir=\"auto\">U ponedjeljak 01.09.2025. u\u010denici od V do IX razreda su prva smjena od 8h.<\/div>\n<div dir=\"auto\">U\u010denici od II do IV razreda su druga smjena od 12.25.<\/div>\n<div dir=\"auto\">\n<div dir=\"auto\">Do\u010dek \u0111aka prvaka u na\u0161oj \u0161koli obilje\u017ei\u0107e se 01.09.2025. sa po\u010detkom u 14.30.<\/div>\n<div dir=\"auto\">Radujemo se po\u010detku novog i va\u017enog poglavlja u \u017eivotu djeteta.<\/div>\n<div dir=\"auto\">Dragi roditelji na\u0161ih prva\u010di\u0107a, drage nane, dede, tetke, prijatelji, dobro ste do\u0161li svi!<\/div>\n<div dir=\"auto\"><a href=\"http:\/\/osramic.edu.ba\/?attachment_id=8345\" rel=\"attachment wp-att-8345\"><img loading=\"lazy\" decoding=\"async\" class=\"aligncenter size-medium wp-image-8345\" src=\"http:\/\/osramic.edu.ba\/wp-content\/uploads\/2025\/08\/539314872_4126818297588317_7771148939366046037_n-269x300.jpg\" alt=\"\" width=\"269\" height=\"300\" srcset=\"http:\/\/osramic.edu.ba\/wp-content\/uploads\/2025\/08\/539314872_4126818297588317_7771148939366046037_n-269x300.jpg 269w, http:\/\/osramic.edu.ba\/wp-content\/uploads\/2025\/08\/539314872_4126818297588317_7771148939366046037_n.jpg 506w\" sizes=\"auto, (max-width: 269px) 100vw, 269px\" \/><\/a><\/div>\n<\/div>\n<\/div>\n<div class=\"x14z9mp xat24cr x1lziwak x1vvkbs xtlvy1s x126k92a\">\n<div dir=\"auto\">Od 02.09.2025. (Utorak) i dalje:<\/div>\n<\/div>\n<div class=\"x14z9mp xat24cr x1lziwak x1vvkbs xtlvy1s x126k92a\">\n<div dir=\"auto\"><span class=\"html-span xexx8yu xyri2b x18d9i69 x1c1uobl x1hl2dhg x16tdsg8 x1vvkbs x3nfvp2 x1j61x8r x1fcty0u xdj266r xat24cr xm2jcoa x1mpyi22 xxymvpz xlup9mm x1kky2od\"><img loading=\"lazy\" decoding=\"async\" class=\"xz74otr x15mokao x1ga7v0g x16uus16 xbiv7yw\" src=\"https:\/\/static.xx.fbcdn.net\/images\/emoji.php\/v9\/t51\/1\/16\/1f449.png\" alt=\"&#x1f449;\" width=\"16\" height=\"16\" \/><\/span> Raspored smjena:<\/div>\n<\/div>\n<div class=\"x14z9mp xat24cr x1lziwak x1vvkbs xtlvy1s x126k92a\">\n<div dir=\"auto\">Predmetna nastava \u2013 prva smjena od 8.00.<\/div>\n<\/div>\n<div class=\"x14z9mp xat24cr x1lziwak x1vvkbs xtlvy1s x126k92a\">\n<div dir=\"auto\">Razredna nastava:<\/div>\n<\/div>\n<div class=\"x14z9mp xat24cr x1lziwak x1vvkbs xtlvy1s x126k92a\">\n<div dir=\"auto\">Odjeljenja I-1, II-1, III-1 i IV-1 \u2013 prva smjena od 8.00<\/div>\n<\/div>\n<div class=\"x14z9mp xat24cr x1lziwak x1vvkbs xtlvy1s x126k92a\">\n<div dir=\"auto\">Odjeljenja I-2, II-2, III-2 i IV-2 \u2013 druga smjena od 12.25<\/div>\n<\/div>\n<div class=\"x14z9mp xat24cr x1lziwak x1vvkbs xtlvy1s x126k92a\">\n<div dir=\"auto\">Prijevoz u\u010denika iz sva tri pravca bi\u0107e uskla\u0111en sa rasporedom \u010dasova.<\/div>\n<\/div>\n<div class=\"x14z9mp xat24cr x1lziwak x1vvkbs xtlvy1s x126k92a\">\n<div dir=\"auto\">Svim u\u010denicima \u017eelimo sretan i uspje\u0161an po\u010detak nove \u0161kolske godine!<\/div>\n<\/div>\n","protected":false},"excerpt":{"rendered":"<p>U skladu sa \u0160kolskim kalendarom za 2025\/2026. godinu, u ponedjeljak 01.09.2025. po\u010dinje nova \u0161kolska godina. U ponedjeljak 01.09.2025. u\u010denici od V do IX razreda su prva smjena od 8h. U\u010denici od II do IV razreda su druga smjena od 12.25. Do\u010dek \u0111aka prvaka u na\u0161oj \u0161koli obilje\u017ei\u0107e se 01.09.2025. sa po\u010detkom u 14.30. Radujemo se&#8230;<\/p>\n","protected":false},"author":1,"featured_media":8347,"comment_status":"closed","ping_status":"closed","sticky":false,"template":"","format":"standard","meta":{"footnotes":""},"categories":[1],"tags":[],"class_list":["post-8344","post","type-post","status-publish","format-standard","has-post-thumbnail","hentry","category-uncategorized"],"_links":{"self":[{"href":"http:\/\/osramic.edu.ba\/index.php?rest_route=\/wp\/v2\/posts\/8344","targetHints":{"allow":["GET"]}}],"collection":[{"href":"http:\/\/osramic.edu.ba\/index.php?rest_route=\/wp\/v2\/posts"}],"about":[{"href":"http:\/\/osramic.edu.ba\/index.php?rest_route=\/wp\/v2\/types\/post"}],"author":[{"embeddable":true,"href":"http:\/\/osramic.edu.ba\/index.php?rest_route=\/wp\/v2\/users\/1"}],"replies":[{"embeddable":true,"href":"http:\/\/osramic.edu.ba\/index.php?rest_route=%2Fwp%2Fv2%2Fcomments&post=8344"}],"version-history":[{"count":1,"href":"http:\/\/osramic.edu.ba\/index.php?rest_route=\/wp\/v2\/posts\/8344\/revisions"}],"predecessor-version":[{"id":8346,"href":"http:\/\/osramic.edu.ba\/index.php?rest_route=\/wp\/v2\/posts\/8344\/revisions\/8346"}],"wp:featuredmedia":[{"embeddable":true,"href":"http:\/\/osramic.edu.ba\/index.php?rest_route=\/wp\/v2\/media\/8347"}],"wp:attachment":[{"href":"http:\/\/osramic.edu.ba\/index.php?rest_route=%2Fwp%2Fv2%2Fmedia&parent=8344"}],"wp:term":[{"taxonomy":"category","embeddable":true,"href":"http:\/\/osramic.edu.ba\/index.php?rest_route=%2Fwp%2Fv2%2Fcategories&post=8344"},{"taxonomy":"post_tag","embeddable":true,"href":"http:\/\/osramic.edu.ba\/index.php?rest_route=%2Fwp%2Fv2%2Ftags&post=8344"}],"curies":[{"name":"wp","href":"https:\/\/api.w.org\/{rel}","templated":true}]}}